{"id":3871,"date":"2025-02-17T16:06:56","date_gmt":"2025-02-17T15:06:56","guid":{"rendered":"https:\/\/bibliotekutvikling.no\/dfb\/?p=3871"},"modified":"2025-10-07T12:00:04","modified_gmt":"2025-10-07T10:00:04","slug":"bibliotek-over-hele-landet-feirer-morsmalsdagen-21-februar","status":"publish","type":"post","link":"https:\/\/bibliotekutvikling.no\/dfb\/2025\/02\/17\/bibliotek-over-hele-landet-feirer-morsmalsdagen-21-februar\/","title":{"rendered":"Bibliotek over hele landet feirer morsm\u00e5lsdagen 21.\u00a0februar"},"content":{"rendered":"<figure class=\"alignwide wp-block-post-featured-image\"><img loading=\"lazy\" decoding=\"async\" width=\"1200\" height=\"800\" src=\"https:\/\/bibliotekutvikling.no\/content\/uploads\/sites\/17\/2025\/02\/Barneavdeling_11._juni_2020_Barn_lesing_hoytlesing_DEI_01847_Foto_Erik_Thallaug-kopi-1200x800-1.jpg\" class=\"attachment-post-thumbnail size-post-thumbnail wp-post-image\" alt=\"\" style=\"object-fit:cover;\" srcset=\"https:\/\/bibliotekutvikling.no\/content\/uploads\/sites\/17\/2025\/02\/Barneavdeling_11._juni_2020_Barn_lesing_hoytlesing_DEI_01847_Foto_Erik_Thallaug-kopi-1200x800-1.jpg 1200w, https:\/\/bibliotekutvikling.no\/content\/uploads\/sites\/17\/2025\/02\/Barneavdeling_11._juni_2020_Barn_lesing_hoytlesing_DEI_01847_Foto_Erik_Thallaug-kopi-1200x800-1-300x200.jpg 300w, https:\/\/bibliotekutvikling.no\/content\/uploads\/sites\/17\/2025\/02\/Barneavdeling_11._juni_2020_Barn_lesing_hoytlesing_DEI_01847_Foto_Erik_Thallaug-kopi-1200x800-1-1024x683.jpg 1024w, https:\/\/bibliotekutvikling.no\/content\/uploads\/sites\/17\/2025\/02\/Barneavdeling_11._juni_2020_Barn_lesing_hoytlesing_DEI_01847_Foto_Erik_Thallaug-kopi-1200x800-1-768x512.jpg 768w, https:\/\/bibliotekutvikling.no\/content\/uploads\/sites\/17\/2025\/02\/Barneavdeling_11._juni_2020_Barn_lesing_hoytlesing_DEI_01847_Foto_Erik_Thallaug-kopi-1200x800-1-600x400.jpg 600w\" sizes=\"auto, (max-width: 1200px) 100vw, 1200px\" \/><\/figure>\n\n\n\t<div class=\"wp-block-nb-byline\">\n\t\t\t\t\t<div class=\"nb-byline__author\">\n\t\t\t\t\t\t\t\t<p class=\"nb-byline__name\">\n\t\t\t\t\t\t\t\t\t<\/p>\n\t\t\t<\/div>\n\t\t\t\t\t\t\t<time class=\"nb-byline__time__published\" datetime=\"2025-02-17T16:06:56+01:00\">\n\t\t\t\t<span>Posted<\/span>\n\t\t\t\t<span>17. februar 2025 16:06<\/span>\n\t\t\t<\/time>\n\t\t\t\t\t\t\t\t\t<time class=\"nb-byline__time__updated\" datetime=\"2025-10-07T12:00:04+02:00\" >\n\t\t\t\t\t\t<span>Updated<\/span>\n\t\t\t\t\t\t<span>7. oktober 2025 12:00<\/span>\n\t\t\t\t\t<\/time>\n\t\t\t\t\t\t\t<\/div>\n\t\n\n<p class=\"t2-ingress wp-block-t2-ingress\">Den internasjonale morsm\u00e5lsdagen blir markert verden over fredag 21. februar. I Norge benytter bibliotek over hele landet denne dagen til \u00e5 synliggj\u00f8re de spr\u00e5klige ressursene i lokalmilj\u00f8et sitt.<\/p>\n\n\n<p>I dag snakkes det over 300 spr\u00e5k i Norge. Det flerspr\u00e5klige bibliotek (DFB) ved Nasjonalbiblioteket forsyner alle landets bibliotek med b\u00f8ker p\u00e5 rundt 70 av disse spr\u00e5kene.<\/p>\n\n\n\n<p>\u2013 Kulturell identitet og det \u00e5 f\u00e5 lov til \u00e5 bruke sitt eget morsm\u00e5l betyr mye for oss alle. S\u00e6rlig barn og unge trenger \u00e5 f\u00e5 utvikle sin flerspr\u00e5klighet, men for \u00e5 kunne bruke morsm\u00e5let sitt er de avhengige av st\u00f8tte og anerkjennelse i barnehagen, p\u00e5 skolen, p\u00e5 biblioteket og ellers i samfunnet, sier seksjonsleder ved Nasjonalbiblioteket Irene Hole.<\/p>\n\n\n\n<p>&nbsp;\u2013 I denne sammenhengen kan bokpakker fra DFB v\u00e6re et godt verkt\u00f8y for \u00e5 la barn vise fram b\u00f8ker og historier p\u00e5 sitt eget spr\u00e5k til venner, l\u00e6rere og klassekamerater. Ofte viser det seg at liknende historier finnes p\u00e5 ulike spr\u00e5k, og slik kan man skape et fellesskap ut av spr\u00e5kmangfoldet i gruppa, forteller Hole.<\/p>\n\n\n\n<p>Siden 2014 har DFB tilbudt temapakker med b\u00f8ker p\u00e5 mange spr\u00e5k til bibliotek som \u00f8nsker \u00e5 markere morsm\u00e5lsdagen. Det er stor rift om pakkene, og i l\u00f8pet av disse \u00e5rene er det l\u00e5nt ut over 40&nbsp;000 b\u00f8ker til morsm\u00e5lsdagsfeiringer over hele landet.<\/p>\n\n\n\n<p>P\u00e5 bibliotek rundt om i landet markeres dagen med aktiviteter som tospr\u00e5klige eventyrstunder, utstillinger av b\u00f8ker p\u00e5 mange spr\u00e5k, utstillinger av folkedrakter og flerspr\u00e5klige sangstunder.<\/p>\n\n\n\n<p>\u2013 Gjennom feiringen blir bibliotekene aktive deltakere i \u00e5 forme det flerspr\u00e5klige fellesskapet i Norge, sier Irene Hole.<\/p>\n\n\n\n<p>Feiringen skjer ikke bare p\u00e5 bibliotekene: Ogs\u00e5 barnehager, asylmottak og voksenoppl\u00e6ringssenter bestiller temapakker via sitt lokale bibliotek for \u00e5 markere dagen.<\/p>\n\n\n\n<p>Den flerspr\u00e5klige samlingen befinner seg i Nasjonalbibliotekets depotbibliotek i Mo i Rana, som daglig forsyner alle landets bibliotek med b\u00f8ker de ikke har i sin egen samling. Hvert \u00e5r g\u00e5r det ut 200&nbsp;000 b\u00f8ker fra depotbiblioteket, og rundt halvparten av disse er p\u00e5 andre spr\u00e5k enn norsk.<\/p>\n\n\n<div class=\"t2-featured-single-post t2-featured-content is-post-type-page wp-block-t2-featured-single-post\"><a class=\"nb-post-link  wp-block-nb-post-link\" href=\"https:\/\/bibliotekutvikling.no\/dfb\/lan-en-bokpakke\/\">\n<figure class=\"nb-post-featured-image has-image-ratio-16-9 wp-block-nb-post-featured-image\"><img loading=\"lazy\" decoding=\"async\" width=\"768\" height=\"432\" src=\"https:\/\/bibliotekutvikling.no\/content\/uploads\/sites\/17\/2022\/10\/Banner_DFB-lysere-768x432.jpg\" class=\"attachment-medium_large size-medium_large wp-post-image\" alt=\"\" srcset=\"https:\/\/bibliotekutvikling.no\/content\/uploads\/sites\/17\/2022\/10\/Banner_DFB-lysere-768x432.jpg 768w, https:\/\/bibliotekutvikling.no\/content\/uploads\/sites\/17\/2022\/10\/Banner_DFB-lysere-300x169.jpg 300w, https:\/\/bibliotekutvikling.no\/content\/uploads\/sites\/17\/2022\/10\/Banner_DFB-lysere-1024x576.jpg 1024w, https:\/\/bibliotekutvikling.no\/content\/uploads\/sites\/17\/2022\/10\/Banner_DFB-lysere-1536x864.jpg 1536w, https:\/\/bibliotekutvikling.no\/content\/uploads\/sites\/17\/2022\/10\/Banner_DFB-lysere-600x338.jpg 600w, https:\/\/bibliotekutvikling.no\/content\/uploads\/sites\/17\/2022\/10\/Banner_DFB-lysere.jpg 1920w\" sizes=\"auto, (min-width: 1200px) 384px, (min-width: 700px) 33vw, 350px\" \/><\/figure>\n\n<div class=\"wp-block-group alignfull is-layout-flow wp-block-group-is-layout-flow\">\n\t\n\t<h2 class=\"t2-post-title wp-block-t2-post-title\">L\u00e5n en bokpakke<\/h2>\n\t<div class=\"nb-post-excerpt wp-block-nb-post-excerpt\">Vi h\u00e5ndplukker en eske med b\u00f8ker, film, lydb\u00f8ker og spr\u00e5kkurs ut fra det enkelte biblioteks behov. Bokpakker kan bare l\u00e5nes av bibliotek i Norge<\/div>\n<\/div>\n\n<\/a>\n<\/div>\n\n<div class=\"t2-featured-single-post t2-featured-content is-post-type-page wp-block-t2-featured-single-post\"><a class=\"nb-post-link  wp-block-nb-post-link\" href=\"https:\/\/bibliotekutvikling.no\/dfb\/vare-tilbud\/morsmalsdagen\/\">\n<figure class=\"nb-post-featured-image has-image-ratio-16-9 wp-block-nb-post-featured-image\"><img loading=\"lazy\" decoding=\"async\" width=\"768\" height=\"432\" src=\"https:\/\/bibliotekutvikling.no\/content\/uploads\/sites\/17\/2022\/09\/morsmal_twitter_info1-768x432.png\" class=\"attachment-medium_large size-medium_large wp-post-image\" alt=\"\" srcset=\"https:\/\/bibliotekutvikling.no\/content\/uploads\/sites\/17\/2022\/09\/morsmal_twitter_info1-768x432.png 768w, https:\/\/bibliotekutvikling.no\/content\/uploads\/sites\/17\/2022\/09\/morsmal_twitter_info1-300x169.png 300w, https:\/\/bibliotekutvikling.no\/content\/uploads\/sites\/17\/2022\/09\/morsmal_twitter_info1-1024x576.png 1024w, https:\/\/bibliotekutvikling.no\/content\/uploads\/sites\/17\/2022\/09\/morsmal_twitter_info1-600x338.png 600w, https:\/\/bibliotekutvikling.no\/content\/uploads\/sites\/17\/2022\/09\/morsmal_twitter_info1.png 1200w\" sizes=\"auto, (min-width: 1200px) 384px, (min-width: 700px) 33vw, 350px\" \/><\/figure>\n\n<div class=\"wp-block-group alignfull is-layout-flow wp-block-group-is-layout-flow\">\n\t\n\t<h2 class=\"t2-post-title wp-block-t2-post-title\">Feiring av Morsm\u00e5lsdagen<\/h2>\n\t<div class=\"nb-post-excerpt wp-block-nb-post-excerpt\">Morsm\u00e5lsdagen er en flott anledning til \u00e5 synliggj\u00f8re de spr\u00e5klige ressursene i lokalmilj\u00f8et. Bestill temapakker til utl\u00e5n for \u00e5 markere dagen!<\/div>\n<\/div>\n\n<\/a>\n<\/div>\n\n\n<figure class=\"wp-block-image size-large\"><img loading=\"lazy\" decoding=\"async\" width=\"1024\" height=\"576\" src=\"https:\/\/bibliotekutvikling.no\/content\/uploads\/sites\/17\/2025\/02\/image-1024x576.png\" alt=\"\" class=\"wp-image-3873\" srcset=\"https:\/\/bibliotekutvikling.no\/content\/uploads\/sites\/17\/2025\/02\/image-1024x576.png 1024w, https:\/\/bibliotekutvikling.no\/content\/uploads\/sites\/17\/2025\/02\/image-300x169.png 300w, https:\/\/bibliotekutvikling.no\/content\/uploads\/sites\/17\/2025\/02\/image-768x432.png 768w, https:\/\/bibliotekutvikling.no\/content\/uploads\/sites\/17\/2025\/02\/image-600x338.png 600w, https:\/\/bibliotekutvikling.no\/content\/uploads\/sites\/17\/2025\/02\/image.png 1200w\" sizes=\"auto, (max-width: 1024px) 100vw, 1024px\" \/><\/figure>\n","protected":false},"excerpt":{"rendered":"<p>Den internasjonale morsm\u00e5lsdagen blir markert verden over fredag 21. februar. I Norge benytter bibliotek over hele landet denne dagen til \u00e5 synliggj\u00f8re de spr\u00e5klige ressursene i lokalmilj\u00f8et sitt.<\/p>\n","protected":false},"author":6868,"featured_media":3877,"comment_status":"closed","ping_status":"closed","sticky":false,"template":"","format":"standard","meta":{"nb_hide_title":false,"nb_breadcrumb_title_override":"","footnotes":""},"categories":[1],"tags":[],"class_list":["post-3871","post","type-post","status-publish","format-standard","has-post-thumbnail","hentry","category-nyheter"],"yoast_head":"<!-- This site is optimized with the Yoast SEO Premium plugin v27.1 (Yoast SEO v27.1.1) - https:\/\/yoast.com\/product\/yoast-seo-premium-wordpress\/ -->\n<title>Bibliotek over hele landet feirer morsm\u00e5lsdagen 21.\u00a0februar - Det flerspr\u00e5klige bibliotek<\/title>\n<meta name=\"description\" content=\"Den internasjonale morsm\u00e5lsdagen blir markert verden over fredag 21. februar. I Norge benytter bibliotek over hele landet denne dagen til \u00e5 feire spr\u00e5klige ressursene i lokalmilj\u00f8et sitt.\" \/>\n<meta name=\"robots\" content=\"index, follow, max-snippet:-1, max-image-preview:large, max-video-preview:-1\" \/>\n<link rel=\"canonical\" href=\"https:\/\/bibliotekutvikling.no\/dfb\/2025\/02\/17\/bibliotek-over-hele-landet-feirer-morsmalsdagen-21-februar\/\" \/>\n<meta property=\"og:locale\" content=\"nb_NO\" \/>\n<meta property=\"og:type\" content=\"article\" \/>\n<meta property=\"og:title\" content=\"Bibliotek over hele landet feirer morsm\u00e5lsdagen 21.\u00a0februar\" \/>\n<meta property=\"og:description\" content=\"Den internasjonale morsm\u00e5lsdagen blir markert verden over fredag 21. februar. I Norge benytter bibliotek over hele landet denne dagen til \u00e5 feire spr\u00e5klige ressursene i lokalmilj\u00f8et sitt.\" \/>\n<meta property=\"og:url\" content=\"https:\/\/bibliotekutvikling.no\/dfb\/2025\/02\/17\/bibliotek-over-hele-landet-feirer-morsmalsdagen-21-februar\/\" \/>\n<meta property=\"og:site_name\" content=\"Det flerspr\u00e5klige bibliotek\" \/>\n<meta property=\"article:publisher\" content=\"https:\/\/www.facebook.com\/profile.php?id=100066429046602\" \/>\n<meta property=\"article:published_time\" content=\"2025-02-17T15:06:56+00:00\" \/>\n<meta property=\"article:modified_time\" content=\"2025-10-07T10:00:04+00:00\" \/>\n<meta property=\"og:image\" content=\"https:\/\/bibliotekutvikling.no\/content\/uploads\/sites\/17\/2025\/02\/Barneavdeling_11._juni_2020_Barn_lesing_hoytlesing_DEI_01847_Foto_Erik_Thallaug-kopi-1200x800-1.jpg\" \/>\n\t<meta property=\"og:image:width\" content=\"1200\" \/>\n\t<meta property=\"og:image:height\" content=\"800\" \/>\n\t<meta property=\"og:image:type\" content=\"image\/jpeg\" \/>\n<meta name=\"author\" content=\"Venke Uglenes\" \/>\n<meta name=\"twitter:card\" content=\"summary_large_image\" \/>\n<meta name=\"twitter:label1\" content=\"Skrevet av\" \/>\n\t<meta name=\"twitter:data1\" content=\"Venke Uglenes\" \/>\n\t<meta name=\"twitter:label2\" content=\"Ansl. lesetid\" \/>\n\t<meta name=\"twitter:data2\" content=\"2 minutter\" \/>\n<script type=\"application\/ld+json\" class=\"yoast-schema-graph\">{\"@context\":\"https:\/\/schema.org\",\"@graph\":[{\"@type\":\"Article\",\"@id\":\"https:\/\/bibliotekutvikling.no\/dfb\/2025\/02\/17\/bibliotek-over-hele-landet-feirer-morsmalsdagen-21-februar\/#article\",\"isPartOf\":{\"@id\":\"https:\/\/bibliotekutvikling.no\/dfb\/2025\/02\/17\/bibliotek-over-hele-landet-feirer-morsmalsdagen-21-februar\/\"},\"author\":{\"name\":\"Venke Uglenes\",\"@id\":\"https:\/\/bibliotekutvikling.no\/dfb\/#\/schema\/person\/ce9d8c7321ca9304187c3bb979d93003\"},\"headline\":\"Bibliotek over hele landet feirer morsm\u00e5lsdagen 21.\u00a0februar\",\"datePublished\":\"2025-02-17T15:06:56+00:00\",\"dateModified\":\"2025-10-07T10:00:04+00:00\",\"mainEntityOfPage\":{\"@id\":\"https:\/\/bibliotekutvikling.no\/dfb\/2025\/02\/17\/bibliotek-over-hele-landet-feirer-morsmalsdagen-21-februar\/\"},\"wordCount\":323,\"publisher\":{\"@id\":\"https:\/\/bibliotekutvikling.no\/dfb\/#organization\"},\"image\":{\"@id\":\"https:\/\/bibliotekutvikling.no\/dfb\/2025\/02\/17\/bibliotek-over-hele-landet-feirer-morsmalsdagen-21-februar\/#primaryimage\"},\"thumbnailUrl\":\"https:\/\/bibliotekutvikling.no\/content\/uploads\/sites\/17\/2025\/02\/Barneavdeling_11._juni_2020_Barn_lesing_hoytlesing_DEI_01847_Foto_Erik_Thallaug-kopi-1200x800-1.jpg\",\"articleSection\":[\"Nyheter\"],\"inLanguage\":\"nb-NO\"},{\"@type\":\"WebPage\",\"@id\":\"https:\/\/bibliotekutvikling.no\/dfb\/2025\/02\/17\/bibliotek-over-hele-landet-feirer-morsmalsdagen-21-februar\/\",\"url\":\"https:\/\/bibliotekutvikling.no\/dfb\/2025\/02\/17\/bibliotek-over-hele-landet-feirer-morsmalsdagen-21-februar\/\",\"name\":\"Bibliotek over hele landet feirer morsm\u00e5lsdagen 21.\u00a0februar - Det flerspr\u00e5klige bibliotek\",\"isPartOf\":{\"@id\":\"https:\/\/bibliotekutvikling.no\/dfb\/#website\"},\"primaryImageOfPage\":{\"@id\":\"https:\/\/bibliotekutvikling.no\/dfb\/2025\/02\/17\/bibliotek-over-hele-landet-feirer-morsmalsdagen-21-februar\/#primaryimage\"},\"image\":{\"@id\":\"https:\/\/bibliotekutvikling.no\/dfb\/2025\/02\/17\/bibliotek-over-hele-landet-feirer-morsmalsdagen-21-februar\/#primaryimage\"},\"thumbnailUrl\":\"https:\/\/bibliotekutvikling.no\/content\/uploads\/sites\/17\/2025\/02\/Barneavdeling_11._juni_2020_Barn_lesing_hoytlesing_DEI_01847_Foto_Erik_Thallaug-kopi-1200x800-1.jpg\",\"datePublished\":\"2025-02-17T15:06:56+00:00\",\"dateModified\":\"2025-10-07T10:00:04+00:00\",\"description\":\"Den internasjonale morsm\u00e5lsdagen blir markert verden over fredag 21. februar. I Norge benytter bibliotek over hele landet denne dagen til \u00e5 feire spr\u00e5klige ressursene i lokalmilj\u00f8et sitt.\",\"breadcrumb\":{\"@id\":\"https:\/\/bibliotekutvikling.no\/dfb\/2025\/02\/17\/bibliotek-over-hele-landet-feirer-morsmalsdagen-21-februar\/#breadcrumb\"},\"inLanguage\":\"nb-NO\",\"potentialAction\":[{\"@type\":\"ReadAction\",\"target\":[\"https:\/\/bibliotekutvikling.no\/dfb\/2025\/02\/17\/bibliotek-over-hele-landet-feirer-morsmalsdagen-21-februar\/\"]}]},{\"@type\":\"ImageObject\",\"inLanguage\":\"nb-NO\",\"@id\":\"https:\/\/bibliotekutvikling.no\/dfb\/2025\/02\/17\/bibliotek-over-hele-landet-feirer-morsmalsdagen-21-februar\/#primaryimage\",\"url\":\"https:\/\/bibliotekutvikling.no\/content\/uploads\/sites\/17\/2025\/02\/Barneavdeling_11._juni_2020_Barn_lesing_hoytlesing_DEI_01847_Foto_Erik_Thallaug-kopi-1200x800-1.jpg\",\"contentUrl\":\"https:\/\/bibliotekutvikling.no\/content\/uploads\/sites\/17\/2025\/02\/Barneavdeling_11._juni_2020_Barn_lesing_hoytlesing_DEI_01847_Foto_Erik_Thallaug-kopi-1200x800-1.jpg\",\"width\":1200,\"height\":800},{\"@type\":\"BreadcrumbList\",\"@id\":\"https:\/\/bibliotekutvikling.no\/dfb\/2025\/02\/17\/bibliotek-over-hele-landet-feirer-morsmalsdagen-21-februar\/#breadcrumb\",\"itemListElement\":[{\"@type\":\"ListItem\",\"position\":1,\"name\":\"Hjem\",\"item\":\"https:\/\/bibliotekutvikling.no\/dfb\/\"},{\"@type\":\"ListItem\",\"position\":2,\"name\":\"Bibliotek over hele landet feirer morsm\u00e5lsdagen 21.\u00a0februar\"}]},{\"@type\":\"WebSite\",\"@id\":\"https:\/\/bibliotekutvikling.no\/dfb\/#website\",\"url\":\"https:\/\/bibliotekutvikling.no\/dfb\/\",\"name\":\"Det flerspr\u00e5klige bibliotek\",\"description\":\"\",\"publisher\":{\"@id\":\"https:\/\/bibliotekutvikling.no\/dfb\/#organization\"},\"potentialAction\":[{\"@type\":\"SearchAction\",\"target\":{\"@type\":\"EntryPoint\",\"urlTemplate\":\"https:\/\/bibliotekutvikling.no\/dfb\/?s={search_term_string}\"},\"query-input\":{\"@type\":\"PropertyValueSpecification\",\"valueRequired\":true,\"valueName\":\"search_term_string\"}}],\"inLanguage\":\"nb-NO\"},{\"@type\":\"Organization\",\"@id\":\"https:\/\/bibliotekutvikling.no\/dfb\/#organization\",\"name\":\"Det flerspr\u00e5klige bibliotek\",\"url\":\"https:\/\/bibliotekutvikling.no\/dfb\/\",\"logo\":{\"@type\":\"ImageObject\",\"inLanguage\":\"nb-NO\",\"@id\":\"https:\/\/bibliotekutvikling.no\/dfb\/#\/schema\/logo\/image\/\",\"url\":\"https:\/\/bibliotekutvikling.no\/content\/uploads\/sites\/17\/2022\/09\/dfb.svg\",\"contentUrl\":\"https:\/\/bibliotekutvikling.no\/content\/uploads\/sites\/17\/2022\/09\/dfb.svg\",\"width\":143,\"height\":65,\"caption\":\"Det flerspr\u00e5klige bibliotek\"},\"image\":{\"@id\":\"https:\/\/bibliotekutvikling.no\/dfb\/#\/schema\/logo\/image\/\"},\"sameAs\":[\"https:\/\/www.facebook.com\/profile.php?id=100066429046602\"]},{\"@type\":\"Person\",\"@id\":\"https:\/\/bibliotekutvikling.no\/dfb\/#\/schema\/person\/ce9d8c7321ca9304187c3bb979d93003\",\"name\":\"Venke Uglenes\",\"image\":{\"@type\":\"ImageObject\",\"inLanguage\":\"nb-NO\",\"@id\":\"https:\/\/bibliotekutvikling.no\/dfb\/#\/schema\/person\/image\/\",\"url\":\"https:\/\/secure.gravatar.com\/avatar\/13ca9e02ffd1984abba99b8c236031bfa3c3c742d93424c775f9716f34764249?s=96&d=mm&r=g\",\"contentUrl\":\"https:\/\/secure.gravatar.com\/avatar\/13ca9e02ffd1984abba99b8c236031bfa3c3c742d93424c775f9716f34764249?s=96&d=mm&r=g\",\"caption\":\"Venke Uglenes\"},\"url\":\"https:\/\/bibliotekutvikling.no\/dfb\/author\/venkeuglenes\/\"}]}<\/script>\n<!-- \/ Yoast SEO Premium plugin. -->","yoast_head_json":{"title":"Bibliotek over hele landet feirer morsm\u00e5lsdagen 21.\u00a0februar - Det flerspr\u00e5klige bibliotek","description":"Den internasjonale morsm\u00e5lsdagen blir markert verden over fredag 21. februar. I Norge benytter bibliotek over hele landet denne dagen til \u00e5 feire spr\u00e5klige ressursene i lokalmilj\u00f8et sitt.","robots":{"index":"index","follow":"follow","max-snippet":"max-snippet:-1","max-image-preview":"max-image-preview:large","max-video-preview":"max-video-preview:-1"},"canonical":"https:\/\/bibliotekutvikling.no\/dfb\/2025\/02\/17\/bibliotek-over-hele-landet-feirer-morsmalsdagen-21-februar\/","og_locale":"nb_NO","og_type":"article","og_title":"Bibliotek over hele landet feirer morsm\u00e5lsdagen 21.\u00a0februar","og_description":"Den internasjonale morsm\u00e5lsdagen blir markert verden over fredag 21. februar. I Norge benytter bibliotek over hele landet denne dagen til \u00e5 feire spr\u00e5klige ressursene i lokalmilj\u00f8et sitt.","og_url":"https:\/\/bibliotekutvikling.no\/dfb\/2025\/02\/17\/bibliotek-over-hele-landet-feirer-morsmalsdagen-21-februar\/","og_site_name":"Det flerspr\u00e5klige bibliotek","article_publisher":"https:\/\/www.facebook.com\/profile.php?id=100066429046602","article_published_time":"2025-02-17T15:06:56+00:00","article_modified_time":"2025-10-07T10:00:04+00:00","og_image":[{"width":1200,"height":800,"url":"https:\/\/bibliotekutvikling.no\/content\/uploads\/sites\/17\/2025\/02\/Barneavdeling_11._juni_2020_Barn_lesing_hoytlesing_DEI_01847_Foto_Erik_Thallaug-kopi-1200x800-1.jpg","type":"image\/jpeg"}],"author":"Venke Uglenes","twitter_card":"summary_large_image","twitter_misc":{"Skrevet av":"Venke Uglenes","Ansl. lesetid":"2 minutter"},"schema":{"@context":"https:\/\/schema.org","@graph":[{"@type":"Article","@id":"https:\/\/bibliotekutvikling.no\/dfb\/2025\/02\/17\/bibliotek-over-hele-landet-feirer-morsmalsdagen-21-februar\/#article","isPartOf":{"@id":"https:\/\/bibliotekutvikling.no\/dfb\/2025\/02\/17\/bibliotek-over-hele-landet-feirer-morsmalsdagen-21-februar\/"},"author":{"name":"Venke Uglenes","@id":"https:\/\/bibliotekutvikling.no\/dfb\/#\/schema\/person\/ce9d8c7321ca9304187c3bb979d93003"},"headline":"Bibliotek over hele landet feirer morsm\u00e5lsdagen 21.\u00a0februar","datePublished":"2025-02-17T15:06:56+00:00","dateModified":"2025-10-07T10:00:04+00:00","mainEntityOfPage":{"@id":"https:\/\/bibliotekutvikling.no\/dfb\/2025\/02\/17\/bibliotek-over-hele-landet-feirer-morsmalsdagen-21-februar\/"},"wordCount":323,"publisher":{"@id":"https:\/\/bibliotekutvikling.no\/dfb\/#organization"},"image":{"@id":"https:\/\/bibliotekutvikling.no\/dfb\/2025\/02\/17\/bibliotek-over-hele-landet-feirer-morsmalsdagen-21-februar\/#primaryimage"},"thumbnailUrl":"https:\/\/bibliotekutvikling.no\/content\/uploads\/sites\/17\/2025\/02\/Barneavdeling_11._juni_2020_Barn_lesing_hoytlesing_DEI_01847_Foto_Erik_Thallaug-kopi-1200x800-1.jpg","articleSection":["Nyheter"],"inLanguage":"nb-NO"},{"@type":"WebPage","@id":"https:\/\/bibliotekutvikling.no\/dfb\/2025\/02\/17\/bibliotek-over-hele-landet-feirer-morsmalsdagen-21-februar\/","url":"https:\/\/bibliotekutvikling.no\/dfb\/2025\/02\/17\/bibliotek-over-hele-landet-feirer-morsmalsdagen-21-februar\/","name":"Bibliotek over hele landet feirer morsm\u00e5lsdagen 21.\u00a0februar - Det flerspr\u00e5klige bibliotek","isPartOf":{"@id":"https:\/\/bibliotekutvikling.no\/dfb\/#website"},"primaryImageOfPage":{"@id":"https:\/\/bibliotekutvikling.no\/dfb\/2025\/02\/17\/bibliotek-over-hele-landet-feirer-morsmalsdagen-21-februar\/#primaryimage"},"image":{"@id":"https:\/\/bibliotekutvikling.no\/dfb\/2025\/02\/17\/bibliotek-over-hele-landet-feirer-morsmalsdagen-21-februar\/#primaryimage"},"thumbnailUrl":"https:\/\/bibliotekutvikling.no\/content\/uploads\/sites\/17\/2025\/02\/Barneavdeling_11._juni_2020_Barn_lesing_hoytlesing_DEI_01847_Foto_Erik_Thallaug-kopi-1200x800-1.jpg","datePublished":"2025-02-17T15:06:56+00:00","dateModified":"2025-10-07T10:00:04+00:00","description":"Den internasjonale morsm\u00e5lsdagen blir markert verden over fredag 21. februar. I Norge benytter bibliotek over hele landet denne dagen til \u00e5 feire spr\u00e5klige ressursene i lokalmilj\u00f8et sitt.","breadcrumb":{"@id":"https:\/\/bibliotekutvikling.no\/dfb\/2025\/02\/17\/bibliotek-over-hele-landet-feirer-morsmalsdagen-21-februar\/#breadcrumb"},"inLanguage":"nb-NO","potentialAction":[{"@type":"ReadAction","target":["https:\/\/bibliotekutvikling.no\/dfb\/2025\/02\/17\/bibliotek-over-hele-landet-feirer-morsmalsdagen-21-februar\/"]}]},{"@type":"ImageObject","inLanguage":"nb-NO","@id":"https:\/\/bibliotekutvikling.no\/dfb\/2025\/02\/17\/bibliotek-over-hele-landet-feirer-morsmalsdagen-21-februar\/#primaryimage","url":"https:\/\/bibliotekutvikling.no\/content\/uploads\/sites\/17\/2025\/02\/Barneavdeling_11._juni_2020_Barn_lesing_hoytlesing_DEI_01847_Foto_Erik_Thallaug-kopi-1200x800-1.jpg","contentUrl":"https:\/\/bibliotekutvikling.no\/content\/uploads\/sites\/17\/2025\/02\/Barneavdeling_11._juni_2020_Barn_lesing_hoytlesing_DEI_01847_Foto_Erik_Thallaug-kopi-1200x800-1.jpg","width":1200,"height":800},{"@type":"BreadcrumbList","@id":"https:\/\/bibliotekutvikling.no\/dfb\/2025\/02\/17\/bibliotek-over-hele-landet-feirer-morsmalsdagen-21-februar\/#breadcrumb","itemListElement":[{"@type":"ListItem","position":1,"name":"Hjem","item":"https:\/\/bibliotekutvikling.no\/dfb\/"},{"@type":"ListItem","position":2,"name":"Bibliotek over hele landet feirer morsm\u00e5lsdagen 21.\u00a0februar"}]},{"@type":"WebSite","@id":"https:\/\/bibliotekutvikling.no\/dfb\/#website","url":"https:\/\/bibliotekutvikling.no\/dfb\/","name":"Det flerspr\u00e5klige bibliotek","description":"","publisher":{"@id":"https:\/\/bibliotekutvikling.no\/dfb\/#organization"},"potentialAction":[{"@type":"SearchAction","target":{"@type":"EntryPoint","urlTemplate":"https:\/\/bibliotekutvikling.no\/dfb\/?s={search_term_string}"},"query-input":{"@type":"PropertyValueSpecification","valueRequired":true,"valueName":"search_term_string"}}],"inLanguage":"nb-NO"},{"@type":"Organization","@id":"https:\/\/bibliotekutvikling.no\/dfb\/#organization","name":"Det flerspr\u00e5klige bibliotek","url":"https:\/\/bibliotekutvikling.no\/dfb\/","logo":{"@type":"ImageObject","inLanguage":"nb-NO","@id":"https:\/\/bibliotekutvikling.no\/dfb\/#\/schema\/logo\/image\/","url":"https:\/\/bibliotekutvikling.no\/content\/uploads\/sites\/17\/2022\/09\/dfb.svg","contentUrl":"https:\/\/bibliotekutvikling.no\/content\/uploads\/sites\/17\/2022\/09\/dfb.svg","width":143,"height":65,"caption":"Det flerspr\u00e5klige bibliotek"},"image":{"@id":"https:\/\/bibliotekutvikling.no\/dfb\/#\/schema\/logo\/image\/"},"sameAs":["https:\/\/www.facebook.com\/profile.php?id=100066429046602"]},{"@type":"Person","@id":"https:\/\/bibliotekutvikling.no\/dfb\/#\/schema\/person\/ce9d8c7321ca9304187c3bb979d93003","name":"Venke Uglenes","image":{"@type":"ImageObject","inLanguage":"nb-NO","@id":"https:\/\/bibliotekutvikling.no\/dfb\/#\/schema\/person\/image\/","url":"https:\/\/secure.gravatar.com\/avatar\/13ca9e02ffd1984abba99b8c236031bfa3c3c742d93424c775f9716f34764249?s=96&d=mm&r=g","contentUrl":"https:\/\/secure.gravatar.com\/avatar\/13ca9e02ffd1984abba99b8c236031bfa3c3c742d93424c775f9716f34764249?s=96&d=mm&r=g","caption":"Venke Uglenes"},"url":"https:\/\/bibliotekutvikling.no\/dfb\/author\/venkeuglenes\/"}]}},"_links":{"self":[{"href":"https:\/\/bibliotekutvikling.no\/dfb\/wp-json\/wp\/v2\/posts\/3871","targetHints":{"allow":["GET"]}}],"collection":[{"href":"https:\/\/bibliotekutvikling.no\/dfb\/wp-json\/wp\/v2\/posts"}],"about":[{"href":"https:\/\/bibliotekutvikling.no\/dfb\/wp-json\/wp\/v2\/types\/post"}],"author":[{"embeddable":true,"href":"https:\/\/bibliotekutvikling.no\/dfb\/wp-json\/wp\/v2\/users\/6868"}],"replies":[{"embeddable":true,"href":"https:\/\/bibliotekutvikling.no\/dfb\/wp-json\/wp\/v2\/comments?post=3871"}],"version-history":[{"count":5,"href":"https:\/\/bibliotekutvikling.no\/dfb\/wp-json\/wp\/v2\/posts\/3871\/revisions"}],"predecessor-version":[{"id":4512,"href":"https:\/\/bibliotekutvikling.no\/dfb\/wp-json\/wp\/v2\/posts\/3871\/revisions\/4512"}],"wp:featuredmedia":[{"embeddable":true,"href":"https:\/\/bibliotekutvikling.no\/dfb\/wp-json\/wp\/v2\/media\/3877"}],"wp:attachment":[{"href":"https:\/\/bibliotekutvikling.no\/dfb\/wp-json\/wp\/v2\/media?parent=3871"}],"wp:term":[{"taxonomy":"category","embeddable":true,"href":"https:\/\/bibliotekutvikling.no\/dfb\/wp-json\/wp\/v2\/categories?post=3871"},{"taxonomy":"post_tag","embeddable":true,"href":"https:\/\/bibliotekutvikling.no\/dfb\/wp-json\/wp\/v2\/tags?post=3871"}],"curies":[{"name":"wp","href":"https:\/\/api.w.org\/{rel}","templated":true}]}}