{"id":3586,"date":"2026-01-12T10:39:55","date_gmt":"2026-01-12T09:39:55","guid":{"rendered":"https:\/\/bibliotekutvikling.no\/dfb\/?p=3586"},"modified":"2026-02-04T10:00:27","modified_gmt":"2026-02-04T09:00:27","slug":"onsker-du-a-bygge-opp-din-egen-flerspraklige-samling","status":"publish","type":"post","link":"https:\/\/bibliotekutvikling.no\/dfb\/2026\/01\/12\/onsker-du-a-bygge-opp-din-egen-flerspraklige-samling\/","title":{"rendered":"\u00d8nsker du \u00e5 bygge opp din egen flerspr\u00e5klige samling?"},"content":{"rendered":"<figure class=\"alignwide wp-block-post-featured-image\"><img loading=\"lazy\" decoding=\"async\" width=\"2560\" height=\"1707\" src=\"https:\/\/bibliotekutvikling.no\/content\/uploads\/sites\/17\/2024\/12\/shutterstock_2405566729-scaled.jpg\" class=\"attachment-post-thumbnail size-post-thumbnail wp-post-image\" alt=\"Voksen som leser bok for sine to barn p\u00e5 indonesisk.\" style=\"object-fit:cover;\" srcset=\"https:\/\/bibliotekutvikling.no\/content\/uploads\/sites\/17\/2024\/12\/shutterstock_2405566729-scaled.jpg 2560w, https:\/\/bibliotekutvikling.no\/content\/uploads\/sites\/17\/2024\/12\/shutterstock_2405566729-300x200.jpg 300w, https:\/\/bibliotekutvikling.no\/content\/uploads\/sites\/17\/2024\/12\/shutterstock_2405566729-1024x683.jpg 1024w, https:\/\/bibliotekutvikling.no\/content\/uploads\/sites\/17\/2024\/12\/shutterstock_2405566729-768x512.jpg 768w, https:\/\/bibliotekutvikling.no\/content\/uploads\/sites\/17\/2024\/12\/shutterstock_2405566729-1536x1024.jpg 1536w, https:\/\/bibliotekutvikling.no\/content\/uploads\/sites\/17\/2024\/12\/shutterstock_2405566729-2048x1365.jpg 2048w, https:\/\/bibliotekutvikling.no\/content\/uploads\/sites\/17\/2024\/12\/shutterstock_2405566729-600x400.jpg 600w\" sizes=\"auto, (max-width: 2560px) 100vw, 2560px\" \/><\/figure>\n\n\n\t<div class=\"wp-block-nb-byline\">\n\t\t\t\t\t<div class=\"nb-byline__author\">\n\t\t\t\t\t\t\t\t<p class=\"nb-byline__name\">\n\t\t\t\t\t\t\t\t\t<\/p>\n\t\t\t<\/div>\n\t\t\t\t\t\t\t<time class=\"nb-byline__time__published\" datetime=\"2026-01-12T10:39:55+01:00\">\n\t\t\t\t<span>Posted<\/span>\n\t\t\t\t<span>12. januar 2026 10:39<\/span>\n\t\t\t<\/time>\n\t\t\t\t\t\t\t\t\t<time class=\"nb-byline__time__updated\" datetime=\"2026-02-04T10:00:27+01:00\" >\n\t\t\t\t\t\t<span>Updated<\/span>\n\t\t\t\t\t\t<span>4. februar 2026 10:00<\/span>\n\t\t\t\t\t<\/time>\n\t\t\t\t\t\t\t<\/div>\n\t\n\n\n<p>Hvert \u00e5r kj\u00f8per DFB inn b\u00f8ker for folkebibliotek og skolebibliotek som \u00f8nsker \u00e5 bygge opp egne flerspr\u00e5klige samlinger. Du kan velge mellom forskjellige ferdige pakker for barn og voksne. Vi st\u00e5r for utvalg, innkj\u00f8p og katalogisering.<\/p>\n\n\n\n<p>Det er et puslespill \u00e5 kj\u00f8pe inn for mange bibliotek samtidig og det tar tid \u00e5 f\u00e5 b\u00f8kene fra leverand\u00f8rer rundt i verden. Noen av b\u00f8kene vil du motta p\u00e5 v\u00e5ren, men majoriteten sender vi ut p\u00e5 sensommeren og h\u00f8sten. Alt skal, forh\u00e5pentligvis,&nbsp; v\u00e6re ferdig sendt fra oss innen 1. oktober. I 2026 tilbyr vi innkj\u00f8p p\u00e5 10 spr\u00e5k, blant annet ukrainsk.<\/p>\n\n\n\n<div class=\"wp-block-group has-secondary-100-background-color has-background has-global-padding is-layout-constrained wp-block-group-is-layout-constrained\">\n<p>Felleskj\u00f8pet for 2026 er n\u00e5 stengt. Nest mulighet er desember 2026<\/p>\n<\/div>\n","protected":false},"excerpt":{"rendered":"","protected":false},"author":6868,"featured_media":3595,"comment_status":"closed","ping_status":"closed","sticky":false,"template":"","format":"standard","meta":{"nb_hide_title":false,"nb_breadcrumb_title_override":"","footnotes":""},"categories":[1],"tags":[],"class_list":["post-3586","post","type-post","status-publish","format-standard","has-post-thumbnail","hentry","category-nyheter"],"yoast_head":"<!-- This site is optimized with the Yoast SEO Premium plugin v27.1 (Yoast SEO v27.1.1) - https:\/\/yoast.com\/product\/yoast-seo-premium-wordpress\/ -->\n<title>\u00d8nsker du \u00e5 bygge opp din egen flerspr\u00e5klige samling? - Det flerspr\u00e5klige bibliotek<\/title>\n<meta name=\"robots\" content=\"index, follow, max-snippet:-1, max-image-preview:large, max-video-preview:-1\" \/>\n<link rel=\"canonical\" href=\"https:\/\/bibliotekutvikling.no\/dfb\/2026\/01\/12\/onsker-du-a-bygge-opp-din-egen-flerspraklige-samling\/\" \/>\n<meta property=\"og:locale\" content=\"nb_NO\" \/>\n<meta property=\"og:type\" content=\"article\" \/>\n<meta property=\"og:title\" content=\"\u00d8nsker du \u00e5 bygge opp din egen flerspr\u00e5klige samling?\" \/>\n<meta property=\"og:url\" content=\"https:\/\/bibliotekutvikling.no\/dfb\/2026\/01\/12\/onsker-du-a-bygge-opp-din-egen-flerspraklige-samling\/\" \/>\n<meta property=\"og:site_name\" content=\"Det flerspr\u00e5klige bibliotek\" \/>\n<meta property=\"article:publisher\" content=\"https:\/\/www.facebook.com\/profile.php?id=100066429046602\" \/>\n<meta property=\"article:published_time\" content=\"2026-01-12T09:39:55+00:00\" \/>\n<meta property=\"article:modified_time\" content=\"2026-02-04T09:00:27+00:00\" \/>\n<meta property=\"og:image\" content=\"https:\/\/bibliotekutvikling.no\/content\/uploads\/sites\/17\/2024\/12\/shutterstock_2405566729-scaled.jpg\" \/>\n\t<meta property=\"og:image:width\" content=\"2560\" \/>\n\t<meta property=\"og:image:height\" content=\"1707\" \/>\n\t<meta property=\"og:image:type\" content=\"image\/jpeg\" \/>\n<meta name=\"author\" content=\"Venke Uglenes\" \/>\n<meta name=\"twitter:card\" content=\"summary_large_image\" \/>\n<meta name=\"twitter:label1\" content=\"Skrevet av\" \/>\n\t<meta name=\"twitter:data1\" content=\"Venke Uglenes\" \/>\n\t<meta name=\"twitter:label2\" content=\"Ansl. lesetid\" \/>\n\t<meta name=\"twitter:data2\" content=\"1 minutt\" \/>\n<script type=\"application\/ld+json\" class=\"yoast-schema-graph\">{\"@context\":\"https:\/\/schema.org\",\"@graph\":[{\"@type\":\"Article\",\"@id\":\"https:\/\/bibliotekutvikling.no\/dfb\/2026\/01\/12\/onsker-du-a-bygge-opp-din-egen-flerspraklige-samling\/#article\",\"isPartOf\":{\"@id\":\"https:\/\/bibliotekutvikling.no\/dfb\/2026\/01\/12\/onsker-du-a-bygge-opp-din-egen-flerspraklige-samling\/\"},\"author\":{\"name\":\"Venke Uglenes\",\"@id\":\"https:\/\/bibliotekutvikling.no\/dfb\/#\/schema\/person\/ce9d8c7321ca9304187c3bb979d93003\"},\"headline\":\"\u00d8nsker du \u00e5 bygge opp din egen flerspr\u00e5klige samling?\",\"datePublished\":\"2026-01-12T09:39:55+00:00\",\"dateModified\":\"2026-02-04T09:00:27+00:00\",\"mainEntityOfPage\":{\"@id\":\"https:\/\/bibliotekutvikling.no\/dfb\/2026\/01\/12\/onsker-du-a-bygge-opp-din-egen-flerspraklige-samling\/\"},\"wordCount\":127,\"publisher\":{\"@id\":\"https:\/\/bibliotekutvikling.no\/dfb\/#organization\"},\"image\":{\"@id\":\"https:\/\/bibliotekutvikling.no\/dfb\/2026\/01\/12\/onsker-du-a-bygge-opp-din-egen-flerspraklige-samling\/#primaryimage\"},\"thumbnailUrl\":\"https:\/\/bibliotekutvikling.no\/content\/uploads\/sites\/17\/2024\/12\/shutterstock_2405566729-scaled.jpg\",\"articleSection\":[\"Nyheter\"],\"inLanguage\":\"nb-NO\"},{\"@type\":\"WebPage\",\"@id\":\"https:\/\/bibliotekutvikling.no\/dfb\/2026\/01\/12\/onsker-du-a-bygge-opp-din-egen-flerspraklige-samling\/\",\"url\":\"https:\/\/bibliotekutvikling.no\/dfb\/2026\/01\/12\/onsker-du-a-bygge-opp-din-egen-flerspraklige-samling\/\",\"name\":\"\u00d8nsker du \u00e5 bygge opp din egen flerspr\u00e5klige samling? - Det flerspr\u00e5klige bibliotek\",\"isPartOf\":{\"@id\":\"https:\/\/bibliotekutvikling.no\/dfb\/#website\"},\"primaryImageOfPage\":{\"@id\":\"https:\/\/bibliotekutvikling.no\/dfb\/2026\/01\/12\/onsker-du-a-bygge-opp-din-egen-flerspraklige-samling\/#primaryimage\"},\"image\":{\"@id\":\"https:\/\/bibliotekutvikling.no\/dfb\/2026\/01\/12\/onsker-du-a-bygge-opp-din-egen-flerspraklige-samling\/#primaryimage\"},\"thumbnailUrl\":\"https:\/\/bibliotekutvikling.no\/content\/uploads\/sites\/17\/2024\/12\/shutterstock_2405566729-scaled.jpg\",\"datePublished\":\"2026-01-12T09:39:55+00:00\",\"dateModified\":\"2026-02-04T09:00:27+00:00\",\"breadcrumb\":{\"@id\":\"https:\/\/bibliotekutvikling.no\/dfb\/2026\/01\/12\/onsker-du-a-bygge-opp-din-egen-flerspraklige-samling\/#breadcrumb\"},\"inLanguage\":\"nb-NO\",\"potentialAction\":[{\"@type\":\"ReadAction\",\"target\":[\"https:\/\/bibliotekutvikling.no\/dfb\/2026\/01\/12\/onsker-du-a-bygge-opp-din-egen-flerspraklige-samling\/\"]}]},{\"@type\":\"ImageObject\",\"inLanguage\":\"nb-NO\",\"@id\":\"https:\/\/bibliotekutvikling.no\/dfb\/2026\/01\/12\/onsker-du-a-bygge-opp-din-egen-flerspraklige-samling\/#primaryimage\",\"url\":\"https:\/\/bibliotekutvikling.no\/content\/uploads\/sites\/17\/2024\/12\/shutterstock_2405566729-scaled.jpg\",\"contentUrl\":\"https:\/\/bibliotekutvikling.no\/content\/uploads\/sites\/17\/2024\/12\/shutterstock_2405566729-scaled.jpg\",\"width\":2560,\"height\":1707,\"caption\":\"Voksen som leser bok for sine to barn p\u00e5 indonesisk.\"},{\"@type\":\"BreadcrumbList\",\"@id\":\"https:\/\/bibliotekutvikling.no\/dfb\/2026\/01\/12\/onsker-du-a-bygge-opp-din-egen-flerspraklige-samling\/#breadcrumb\",\"itemListElement\":[{\"@type\":\"ListItem\",\"position\":1,\"name\":\"Hjem\",\"item\":\"https:\/\/bibliotekutvikling.no\/dfb\/\"},{\"@type\":\"ListItem\",\"position\":2,\"name\":\"\u00d8nsker du \u00e5 bygge opp din egen flerspr\u00e5klige samling?\"}]},{\"@type\":\"WebSite\",\"@id\":\"https:\/\/bibliotekutvikling.no\/dfb\/#website\",\"url\":\"https:\/\/bibliotekutvikling.no\/dfb\/\",\"name\":\"Det flerspr\u00e5klige bibliotek\",\"description\":\"\",\"publisher\":{\"@id\":\"https:\/\/bibliotekutvikling.no\/dfb\/#organization\"},\"potentialAction\":[{\"@type\":\"SearchAction\",\"target\":{\"@type\":\"EntryPoint\",\"urlTemplate\":\"https:\/\/bibliotekutvikling.no\/dfb\/?s={search_term_string}\"},\"query-input\":{\"@type\":\"PropertyValueSpecification\",\"valueRequired\":true,\"valueName\":\"search_term_string\"}}],\"inLanguage\":\"nb-NO\"},{\"@type\":\"Organization\",\"@id\":\"https:\/\/bibliotekutvikling.no\/dfb\/#organization\",\"name\":\"Det flerspr\u00e5klige bibliotek\",\"url\":\"https:\/\/bibliotekutvikling.no\/dfb\/\",\"logo\":{\"@type\":\"ImageObject\",\"inLanguage\":\"nb-NO\",\"@id\":\"https:\/\/bibliotekutvikling.no\/dfb\/#\/schema\/logo\/image\/\",\"url\":\"https:\/\/bibliotekutvikling.no\/content\/uploads\/sites\/17\/2022\/09\/dfb.svg\",\"contentUrl\":\"https:\/\/bibliotekutvikling.no\/content\/uploads\/sites\/17\/2022\/09\/dfb.svg\",\"width\":143,\"height\":65,\"caption\":\"Det flerspr\u00e5klige bibliotek\"},\"image\":{\"@id\":\"https:\/\/bibliotekutvikling.no\/dfb\/#\/schema\/logo\/image\/\"},\"sameAs\":[\"https:\/\/www.facebook.com\/profile.php?id=100066429046602\"]},{\"@type\":\"Person\",\"@id\":\"https:\/\/bibliotekutvikling.no\/dfb\/#\/schema\/person\/ce9d8c7321ca9304187c3bb979d93003\",\"name\":\"Venke Uglenes\",\"image\":{\"@type\":\"ImageObject\",\"inLanguage\":\"nb-NO\",\"@id\":\"https:\/\/bibliotekutvikling.no\/dfb\/#\/schema\/person\/image\/\",\"url\":\"https:\/\/secure.gravatar.com\/avatar\/13ca9e02ffd1984abba99b8c236031bfa3c3c742d93424c775f9716f34764249?s=96&d=mm&r=g\",\"contentUrl\":\"https:\/\/secure.gravatar.com\/avatar\/13ca9e02ffd1984abba99b8c236031bfa3c3c742d93424c775f9716f34764249?s=96&d=mm&r=g\",\"caption\":\"Venke Uglenes\"},\"url\":\"https:\/\/bibliotekutvikling.no\/dfb\/author\/venkeuglenes\/\"}]}<\/script>\n<!-- \/ Yoast SEO Premium plugin. -->","yoast_head_json":{"title":"\u00d8nsker du \u00e5 bygge opp din egen flerspr\u00e5klige samling? - Det flerspr\u00e5klige bibliotek","robots":{"index":"index","follow":"follow","max-snippet":"max-snippet:-1","max-image-preview":"max-image-preview:large","max-video-preview":"max-video-preview:-1"},"canonical":"https:\/\/bibliotekutvikling.no\/dfb\/2026\/01\/12\/onsker-du-a-bygge-opp-din-egen-flerspraklige-samling\/","og_locale":"nb_NO","og_type":"article","og_title":"\u00d8nsker du \u00e5 bygge opp din egen flerspr\u00e5klige samling?","og_url":"https:\/\/bibliotekutvikling.no\/dfb\/2026\/01\/12\/onsker-du-a-bygge-opp-din-egen-flerspraklige-samling\/","og_site_name":"Det flerspr\u00e5klige bibliotek","article_publisher":"https:\/\/www.facebook.com\/profile.php?id=100066429046602","article_published_time":"2026-01-12T09:39:55+00:00","article_modified_time":"2026-02-04T09:00:27+00:00","og_image":[{"width":2560,"height":1707,"url":"https:\/\/bibliotekutvikling.no\/content\/uploads\/sites\/17\/2024\/12\/shutterstock_2405566729-scaled.jpg","type":"image\/jpeg"}],"author":"Venke Uglenes","twitter_card":"summary_large_image","twitter_misc":{"Skrevet av":"Venke Uglenes","Ansl. lesetid":"1 minutt"},"schema":{"@context":"https:\/\/schema.org","@graph":[{"@type":"Article","@id":"https:\/\/bibliotekutvikling.no\/dfb\/2026\/01\/12\/onsker-du-a-bygge-opp-din-egen-flerspraklige-samling\/#article","isPartOf":{"@id":"https:\/\/bibliotekutvikling.no\/dfb\/2026\/01\/12\/onsker-du-a-bygge-opp-din-egen-flerspraklige-samling\/"},"author":{"name":"Venke Uglenes","@id":"https:\/\/bibliotekutvikling.no\/dfb\/#\/schema\/person\/ce9d8c7321ca9304187c3bb979d93003"},"headline":"\u00d8nsker du \u00e5 bygge opp din egen flerspr\u00e5klige samling?","datePublished":"2026-01-12T09:39:55+00:00","dateModified":"2026-02-04T09:00:27+00:00","mainEntityOfPage":{"@id":"https:\/\/bibliotekutvikling.no\/dfb\/2026\/01\/12\/onsker-du-a-bygge-opp-din-egen-flerspraklige-samling\/"},"wordCount":127,"publisher":{"@id":"https:\/\/bibliotekutvikling.no\/dfb\/#organization"},"image":{"@id":"https:\/\/bibliotekutvikling.no\/dfb\/2026\/01\/12\/onsker-du-a-bygge-opp-din-egen-flerspraklige-samling\/#primaryimage"},"thumbnailUrl":"https:\/\/bibliotekutvikling.no\/content\/uploads\/sites\/17\/2024\/12\/shutterstock_2405566729-scaled.jpg","articleSection":["Nyheter"],"inLanguage":"nb-NO"},{"@type":"WebPage","@id":"https:\/\/bibliotekutvikling.no\/dfb\/2026\/01\/12\/onsker-du-a-bygge-opp-din-egen-flerspraklige-samling\/","url":"https:\/\/bibliotekutvikling.no\/dfb\/2026\/01\/12\/onsker-du-a-bygge-opp-din-egen-flerspraklige-samling\/","name":"\u00d8nsker du \u00e5 bygge opp din egen flerspr\u00e5klige samling? - Det flerspr\u00e5klige bibliotek","isPartOf":{"@id":"https:\/\/bibliotekutvikling.no\/dfb\/#website"},"primaryImageOfPage":{"@id":"https:\/\/bibliotekutvikling.no\/dfb\/2026\/01\/12\/onsker-du-a-bygge-opp-din-egen-flerspraklige-samling\/#primaryimage"},"image":{"@id":"https:\/\/bibliotekutvikling.no\/dfb\/2026\/01\/12\/onsker-du-a-bygge-opp-din-egen-flerspraklige-samling\/#primaryimage"},"thumbnailUrl":"https:\/\/bibliotekutvikling.no\/content\/uploads\/sites\/17\/2024\/12\/shutterstock_2405566729-scaled.jpg","datePublished":"2026-01-12T09:39:55+00:00","dateModified":"2026-02-04T09:00:27+00:00","breadcrumb":{"@id":"https:\/\/bibliotekutvikling.no\/dfb\/2026\/01\/12\/onsker-du-a-bygge-opp-din-egen-flerspraklige-samling\/#breadcrumb"},"inLanguage":"nb-NO","potentialAction":[{"@type":"ReadAction","target":["https:\/\/bibliotekutvikling.no\/dfb\/2026\/01\/12\/onsker-du-a-bygge-opp-din-egen-flerspraklige-samling\/"]}]},{"@type":"ImageObject","inLanguage":"nb-NO","@id":"https:\/\/bibliotekutvikling.no\/dfb\/2026\/01\/12\/onsker-du-a-bygge-opp-din-egen-flerspraklige-samling\/#primaryimage","url":"https:\/\/bibliotekutvikling.no\/content\/uploads\/sites\/17\/2024\/12\/shutterstock_2405566729-scaled.jpg","contentUrl":"https:\/\/bibliotekutvikling.no\/content\/uploads\/sites\/17\/2024\/12\/shutterstock_2405566729-scaled.jpg","width":2560,"height":1707,"caption":"Voksen som leser bok for sine to barn p\u00e5 indonesisk."},{"@type":"BreadcrumbList","@id":"https:\/\/bibliotekutvikling.no\/dfb\/2026\/01\/12\/onsker-du-a-bygge-opp-din-egen-flerspraklige-samling\/#breadcrumb","itemListElement":[{"@type":"ListItem","position":1,"name":"Hjem","item":"https:\/\/bibliotekutvikling.no\/dfb\/"},{"@type":"ListItem","position":2,"name":"\u00d8nsker du \u00e5 bygge opp din egen flerspr\u00e5klige samling?"}]},{"@type":"WebSite","@id":"https:\/\/bibliotekutvikling.no\/dfb\/#website","url":"https:\/\/bibliotekutvikling.no\/dfb\/","name":"Det flerspr\u00e5klige bibliotek","description":"","publisher":{"@id":"https:\/\/bibliotekutvikling.no\/dfb\/#organization"},"potentialAction":[{"@type":"SearchAction","target":{"@type":"EntryPoint","urlTemplate":"https:\/\/bibliotekutvikling.no\/dfb\/?s={search_term_string}"},"query-input":{"@type":"PropertyValueSpecification","valueRequired":true,"valueName":"search_term_string"}}],"inLanguage":"nb-NO"},{"@type":"Organization","@id":"https:\/\/bibliotekutvikling.no\/dfb\/#organization","name":"Det flerspr\u00e5klige bibliotek","url":"https:\/\/bibliotekutvikling.no\/dfb\/","logo":{"@type":"ImageObject","inLanguage":"nb-NO","@id":"https:\/\/bibliotekutvikling.no\/dfb\/#\/schema\/logo\/image\/","url":"https:\/\/bibliotekutvikling.no\/content\/uploads\/sites\/17\/2022\/09\/dfb.svg","contentUrl":"https:\/\/bibliotekutvikling.no\/content\/uploads\/sites\/17\/2022\/09\/dfb.svg","width":143,"height":65,"caption":"Det flerspr\u00e5klige bibliotek"},"image":{"@id":"https:\/\/bibliotekutvikling.no\/dfb\/#\/schema\/logo\/image\/"},"sameAs":["https:\/\/www.facebook.com\/profile.php?id=100066429046602"]},{"@type":"Person","@id":"https:\/\/bibliotekutvikling.no\/dfb\/#\/schema\/person\/ce9d8c7321ca9304187c3bb979d93003","name":"Venke Uglenes","image":{"@type":"ImageObject","inLanguage":"nb-NO","@id":"https:\/\/bibliotekutvikling.no\/dfb\/#\/schema\/person\/image\/","url":"https:\/\/secure.gravatar.com\/avatar\/13ca9e02ffd1984abba99b8c236031bfa3c3c742d93424c775f9716f34764249?s=96&d=mm&r=g","contentUrl":"https:\/\/secure.gravatar.com\/avatar\/13ca9e02ffd1984abba99b8c236031bfa3c3c742d93424c775f9716f34764249?s=96&d=mm&r=g","caption":"Venke Uglenes"},"url":"https:\/\/bibliotekutvikling.no\/dfb\/author\/venkeuglenes\/"}]}},"_links":{"self":[{"href":"https:\/\/bibliotekutvikling.no\/dfb\/wp-json\/wp\/v2\/posts\/3586","targetHints":{"allow":["GET"]}}],"collection":[{"href":"https:\/\/bibliotekutvikling.no\/dfb\/wp-json\/wp\/v2\/posts"}],"about":[{"href":"https:\/\/bibliotekutvikling.no\/dfb\/wp-json\/wp\/v2\/types\/post"}],"author":[{"embeddable":true,"href":"https:\/\/bibliotekutvikling.no\/dfb\/wp-json\/wp\/v2\/users\/6868"}],"replies":[{"embeddable":true,"href":"https:\/\/bibliotekutvikling.no\/dfb\/wp-json\/wp\/v2\/comments?post=3586"}],"version-history":[{"count":5,"href":"https:\/\/bibliotekutvikling.no\/dfb\/wp-json\/wp\/v2\/posts\/3586\/revisions"}],"predecessor-version":[{"id":5196,"href":"https:\/\/bibliotekutvikling.no\/dfb\/wp-json\/wp\/v2\/posts\/3586\/revisions\/5196"}],"wp:featuredmedia":[{"embeddable":true,"href":"https:\/\/bibliotekutvikling.no\/dfb\/wp-json\/wp\/v2\/media\/3595"}],"wp:attachment":[{"href":"https:\/\/bibliotekutvikling.no\/dfb\/wp-json\/wp\/v2\/media?parent=3586"}],"wp:term":[{"taxonomy":"category","embeddable":true,"href":"https:\/\/bibliotekutvikling.no\/dfb\/wp-json\/wp\/v2\/categories?post=3586"},{"taxonomy":"post_tag","embeddable":true,"href":"https:\/\/bibliotekutvikling.no\/dfb\/wp-json\/wp\/v2\/tags?post=3586"}],"curies":[{"name":"wp","href":"https:\/\/api.w.org\/{rel}","templated":true}]}}